{"id":29083,"date":"2017-03-29T01:52:22","date_gmt":"2017-03-29T00:52:22","guid":{"rendered":"https:\/\/egoclinic.pt\/PT\/?p=29083"},"modified":"2019-01-29T19:56:47","modified_gmt":"2019-01-29T19:56:47","slug":"utilizacao-problematica-da-internet","status":"publish","type":"post","link":"https:\/\/egoclinic.pt\/PT\/2017\/03\/utilizacao-problematica-da-internet\/","title":{"rendered":"Utiliza\u00e7\u00e3o problem\u00e1tica da internet"},"content":{"rendered":"<p>[et_pb_section bb_built=&#8221;1&#8243; _builder_version=&#8221;3.0.47&#8243;][et_pb_row _builder_version=&#8221;3.9&#8243; background_size=&#8221;initial&#8221; background_position=&#8221;top_left&#8221; background_repeat=&#8221;repeat&#8221;][et_pb_column type=&#8221;2_3&#8243;][et_pb_text admin_label=&#8221;VIDEO&#8221; _builder_version=&#8221;3.9&#8243;]<\/p>\n<p><iframe loading=\"lazy\" width=\"1080\" height=\"608\" src=\"https:\/\/www.youtube.com\/embed\/8sliHODFvhw?feature=oembed\" frameborder=\"0\" allow=\"autoplay; encrypted-media\" allowfullscreen><\/iframe><\/p>\n<p>[\/et_pb_text][\/et_pb_column][et_pb_column type=&#8221;1_3&#8243;][et_pb_text _builder_version=&#8221;3.9&#8243;]<\/p>\n<p>Ant\u00f3nio Sampaio, psiquiatra, em entrevista \u00e0 RTP no programa Bom Dia Portugal, em 29 Mar\u00e7o 2017.<\/p>\n<p>[\/et_pb_text][\/et_pb_column][\/et_pb_row][\/et_pb_section]<\/p>\n","protected":false},"excerpt":{"rendered":"<p>Ant\u00f3nio Sampaio, psiquiatra, em entrevista \u00e0 RTP no programa Bom Dia Portugal, em 29 Mar\u00e7o 2017.<\/p>\n","protected":false},"author":1,"featured_media":0,"comment_status":"closed","ping_status":"closed","sticky":false,"template":"","format":"standard","meta":{"_et_pb_use_builder":"on","_et_pb_old_content":"","_et_gb_content_width":"","footnotes":""},"categories":[12],"tags":[53,285,23,286,50,51,55,279,182,291,54,52],"class_list":["post-29083","post","type-post","status-publish","format-standard","hentry","category-video","tag-abuso","tag-antonio-sampaio","tag-egoclinic","tag-entrevista","tag-internet","tag-problema","tag-problematica","tag-psiquiatra","tag-psiquiatria","tag-redes-sociais","tag-utilizacao-problematica","tag-utlilizacao"],"_links":{"self":[{"href":"https:\/\/egoclinic.pt\/PT\/wp-json\/wp\/v2\/posts\/29083","targetHints":{"allow":["GET"]}}],"collection":[{"href":"https:\/\/egoclinic.pt\/PT\/wp-json\/wp\/v2\/posts"}],"about":[{"href":"https:\/\/egoclinic.pt\/PT\/wp-json\/wp\/v2\/types\/post"}],"author":[{"embeddable":true,"href":"https:\/\/egoclinic.pt\/PT\/wp-json\/wp\/v2\/users\/1"}],"replies":[{"embeddable":true,"href":"https:\/\/egoclinic.pt\/PT\/wp-json\/wp\/v2\/comments?post=29083"}],"version-history":[{"count":1,"href":"https:\/\/egoclinic.pt\/PT\/wp-json\/wp\/v2\/posts\/29083\/revisions"}],"predecessor-version":[{"id":29084,"href":"https:\/\/egoclinic.pt\/PT\/wp-json\/wp\/v2\/posts\/29083\/revisions\/29084"}],"wp:attachment":[{"href":"https:\/\/egoclinic.pt\/PT\/wp-json\/wp\/v2\/media?parent=29083"}],"wp:term":[{"taxonomy":"category","embeddable":true,"href":"https:\/\/egoclinic.pt\/PT\/wp-json\/wp\/v2\/categories?post=29083"},{"taxonomy":"post_tag","embeddable":true,"href":"https:\/\/egoclinic.pt\/PT\/wp-json\/wp\/v2\/tags?post=29083"}],"curies":[{"name":"wp","href":"https:\/\/api.w.org\/{rel}","templated":true}]}}