{"id":29143,"date":"2014-02-13T03:51:35","date_gmt":"2014-02-13T03:51:35","guid":{"rendered":"https:\/\/egoclinic.pt\/PT\/?p=29143"},"modified":"2019-01-29T19:56:49","modified_gmt":"2019-01-29T19:56:49","slug":"a-esquizofrenia-pode-ser-provocada-por-mutacoes-geneticas-raras","status":"publish","type":"post","link":"https:\/\/egoclinic.pt\/PT\/2014\/02\/a-esquizofrenia-pode-ser-provocada-por-mutacoes-geneticas-raras\/","title":{"rendered":"A Esquizofrenia pode ser provocada por muta\u00e7\u00f5es gen\u00e9ticas raras"},"content":{"rendered":"<p>[et_pb_section bb_built=&#8221;1&#8243; _builder_version=&#8221;3.0.47&#8243;][et_pb_row _builder_version=&#8221;3.9&#8243; background_size=&#8221;initial&#8221; background_position=&#8221;top_left&#8221; background_repeat=&#8221;repeat&#8221;][et_pb_column type=&#8221;2_3&#8243;][et_pb_text admin_label=&#8221;VIDEO&#8221; _builder_version=&#8221;3.9&#8243;]<\/p>\n<p><iframe loading=\"lazy\" width=\"1080\" height=\"608\" src=\"https:\/\/www.youtube.com\/embed\/18RQBHz0Zrc?feature=oembed\" frameborder=\"0\" allow=\"autoplay; encrypted-media\" allowfullscreen><\/iframe><\/p>\n<p>&nbsp;<\/p>\n<p>[\/et_pb_text][\/et_pb_column][et_pb_column type=&#8221;1_3&#8243;][et_pb_text _builder_version=&#8221;3.9&#8243;]<\/p>\n<p>Ant\u00f3nio Sampaio, psiquiatra, em entrevista \u00e0 RTP no programa Bom Dia Portugal, em 13 Fevereiro 2014.<\/p>\n<p>[\/et_pb_text][\/et_pb_column][\/et_pb_row][\/et_pb_section]<\/p>\n","protected":false},"excerpt":{"rendered":"<p>Ant\u00f3nio Sampaio, psiquiatra, em entrevista \u00e0 RTP no programa Bom Dia Portugal, em 13 Fevereiro 2014.<\/p>\n","protected":false},"author":1,"featured_media":0,"comment_status":"closed","ping_status":"closed","sticky":false,"template":"","format":"standard","meta":{"_et_pb_use_builder":"on","_et_pb_old_content":"","_et_gb_content_width":"","footnotes":""},"categories":[12],"tags":[285,23,286,117,119,118,279,182,120],"class_list":["post-29143","post","type-post","status-publish","format-standard","hentry","category-video","tag-antonio-sampaio","tag-egoclinic","tag-entrevista","tag-ezquizofrenia","tag-genetica","tag-mutacao","tag-psiquiatra","tag-psiquiatria","tag-rara"],"_links":{"self":[{"href":"https:\/\/egoclinic.pt\/PT\/wp-json\/wp\/v2\/posts\/29143","targetHints":{"allow":["GET"]}}],"collection":[{"href":"https:\/\/egoclinic.pt\/PT\/wp-json\/wp\/v2\/posts"}],"about":[{"href":"https:\/\/egoclinic.pt\/PT\/wp-json\/wp\/v2\/types\/post"}],"author":[{"embeddable":true,"href":"https:\/\/egoclinic.pt\/PT\/wp-json\/wp\/v2\/users\/1"}],"replies":[{"embeddable":true,"href":"https:\/\/egoclinic.pt\/PT\/wp-json\/wp\/v2\/comments?post=29143"}],"version-history":[{"count":3,"href":"https:\/\/egoclinic.pt\/PT\/wp-json\/wp\/v2\/posts\/29143\/revisions"}],"predecessor-version":[{"id":29158,"href":"https:\/\/egoclinic.pt\/PT\/wp-json\/wp\/v2\/posts\/29143\/revisions\/29158"}],"wp:attachment":[{"href":"https:\/\/egoclinic.pt\/PT\/wp-json\/wp\/v2\/media?parent=29143"}],"wp:term":[{"taxonomy":"category","embeddable":true,"href":"https:\/\/egoclinic.pt\/PT\/wp-json\/wp\/v2\/categories?post=29143"},{"taxonomy":"post_tag","embeddable":true,"href":"https:\/\/egoclinic.pt\/PT\/wp-json\/wp\/v2\/tags?post=29143"}],"curies":[{"name":"wp","href":"https:\/\/api.w.org\/{rel}","templated":true}]}}