{"id":29380,"date":"2012-10-01T02:53:07","date_gmt":"2012-10-01T01:53:07","guid":{"rendered":"https:\/\/egoclinic.pt\/PT\/?p=29380"},"modified":"2019-01-29T19:56:50","modified_gmt":"2019-01-29T19:56:50","slug":"sera-que-a-crise-esta-a-levar-ao-aumento-das-depressoes","status":"publish","type":"post","link":"https:\/\/egoclinic.pt\/PT\/2012\/10\/sera-que-a-crise-esta-a-levar-ao-aumento-das-depressoes\/","title":{"rendered":"Ser\u00e1 que a crise est\u00e1 a levar ao aumento das depress\u00f5es?"},"content":{"rendered":"<p>[et_pb_section bb_built=&#8221;1&#8243; _builder_version=&#8221;3.0.47&#8243;][et_pb_row _builder_version=&#8221;3.9&#8243; background_size=&#8221;initial&#8221; background_position=&#8221;top_left&#8221; background_repeat=&#8221;repeat&#8221;][et_pb_column type=&#8221;2_3&#8243;][et_pb_text admin_label=&#8221;VIDEO&#8221; _builder_version=&#8221;3.9&#8243;]<\/p>\n<p><iframe loading=\"lazy\" width=\"1080\" height=\"810\" src=\"https:\/\/www.youtube.com\/embed\/INU8HX9IZcA?feature=oembed\" frameborder=\"0\" allow=\"autoplay; encrypted-media\" allowfullscreen><\/iframe><\/p>\n<p>[\/et_pb_text][\/et_pb_column][et_pb_column type=&#8221;1_3&#8243;][et_pb_text _builder_version=&#8221;3.9&#8243;]<\/p>\n<p>Ant\u00f3nio Sampaio, psiquiatra, em entrevista \u00e0 RTP no programa Bom Dia Portugal, em 1 Outubro 2012.<\/p>\n<p>[\/et_pb_text][\/et_pb_column][\/et_pb_row][\/et_pb_section]<\/p>\n","protected":false},"excerpt":{"rendered":"<p>Ant\u00f3nio Sampaio, psiquiatra, em entrevista \u00e0 RTP no programa Bom Dia Portugal, em 1 Outubro 2012.<\/p>\n","protected":false},"author":1,"featured_media":0,"comment_status":"closed","ping_status":"closed","sticky":false,"template":"","format":"standard","meta":{"_et_pb_use_builder":"on","_et_pb_old_content":"","_et_gb_content_width":"","footnotes":""},"categories":[12],"tags":[285,236,68,21,234,23,286,235,279,182],"class_list":["post-29380","post","type-post","status-publish","format-standard","hentry","category-video","tag-antonio-sampaio","tag-aumento","tag-crise","tag-depressao","tag-depressoes","tag-egoclinic","tag-entrevista","tag-financeira","tag-psiquiatra","tag-psiquiatria"],"_links":{"self":[{"href":"https:\/\/egoclinic.pt\/PT\/wp-json\/wp\/v2\/posts\/29380","targetHints":{"allow":["GET"]}}],"collection":[{"href":"https:\/\/egoclinic.pt\/PT\/wp-json\/wp\/v2\/posts"}],"about":[{"href":"https:\/\/egoclinic.pt\/PT\/wp-json\/wp\/v2\/types\/post"}],"author":[{"embeddable":true,"href":"https:\/\/egoclinic.pt\/PT\/wp-json\/wp\/v2\/users\/1"}],"replies":[{"embeddable":true,"href":"https:\/\/egoclinic.pt\/PT\/wp-json\/wp\/v2\/comments?post=29380"}],"version-history":[{"count":1,"href":"https:\/\/egoclinic.pt\/PT\/wp-json\/wp\/v2\/posts\/29380\/revisions"}],"predecessor-version":[{"id":29381,"href":"https:\/\/egoclinic.pt\/PT\/wp-json\/wp\/v2\/posts\/29380\/revisions\/29381"}],"wp:attachment":[{"href":"https:\/\/egoclinic.pt\/PT\/wp-json\/wp\/v2\/media?parent=29380"}],"wp:term":[{"taxonomy":"category","embeddable":true,"href":"https:\/\/egoclinic.pt\/PT\/wp-json\/wp\/v2\/categories?post=29380"},{"taxonomy":"post_tag","embeddable":true,"href":"https:\/\/egoclinic.pt\/PT\/wp-json\/wp\/v2\/tags?post=29380"}],"curies":[{"name":"wp","href":"https:\/\/api.w.org\/{rel}","templated":true}]}}