{"id":29382,"date":"2012-07-20T02:57:54","date_gmt":"2012-07-20T01:57:54","guid":{"rendered":"https:\/\/egoclinic.pt\/PT\/?p=29382"},"modified":"2019-01-29T19:56:50","modified_gmt":"2019-01-29T19:56:50","slug":"doenc%cc%a7a-bipolar","status":"publish","type":"post","link":"https:\/\/egoclinic.pt\/PT\/2012\/07\/doenc%cc%a7a-bipolar\/","title":{"rendered":"Doen\u00e7a Bipolar"},"content":{"rendered":"<p>[et_pb_section bb_built=&#8221;1&#8243; _builder_version=&#8221;3.0.47&#8243;][et_pb_row _builder_version=&#8221;3.9&#8243; background_size=&#8221;initial&#8221; background_position=&#8221;top_left&#8221; background_repeat=&#8221;repeat&#8221;][et_pb_column type=&#8221;2_3&#8243;][et_pb_text admin_label=&#8221;VIDEO&#8221; _builder_version=&#8221;3.9&#8243;]<\/p>\n<p><iframe loading=\"lazy\" width=\"1080\" height=\"810\" src=\"https:\/\/www.youtube.com\/embed\/DOGcHhqo8W0?feature=oembed\" frameborder=\"0\" allow=\"autoplay; encrypted-media\" allowfullscreen><\/iframe><\/p>\n<p>[\/et_pb_text][\/et_pb_column][et_pb_column type=&#8221;1_3&#8243;][et_pb_text _builder_version=&#8221;3.9&#8243;]<\/p>\n<p>Ant\u00f3nio Sampaio, psiquiatra, em entrevista \u00e0 RTP \u00c1frica no programa Viva Sa\u00fade, em 20 Julho 2012.<\/p>\n<p>&#8212;<\/p>\n<p>Ant\u00f3nio Sampaio esclarece sobre o dist\u00farbio psiquico\u00a0que afecta milhares de pessoas,\u00a0caracterizado por estados de depress\u00e3o ou por crises man\u00edacas &#8211; a Doen\u00e7a Bipolar.<\/p>\n<p>[\/et_pb_text][\/et_pb_column][\/et_pb_row][\/et_pb_section]<\/p>\n","protected":false},"excerpt":{"rendered":"<p>Ant\u00f3nio Sampaio, psiquiatra, em entrevista \u00e0 RTP \u00c1frica no programa Viva Sa\u00fade, em 20 Julho 2012.<br \/>\n&#8211;<br \/>\nAnt\u00f3nio Sampaio esclarece sobre o dist\u00farbio psiquico que afecta milhares de pessoas, caracterizado por estados de depress\u00e3o ou por crises man\u00edacas &#8211; a Doen\u00e7a Bipolar.<\/p>\n","protected":false},"author":1,"featured_media":0,"comment_status":"closed","ping_status":"closed","sticky":false,"template":"","format":"standard","meta":{"_et_pb_use_builder":"on","_et_pb_old_content":"","_et_gb_content_width":"","footnotes":""},"categories":[12],"tags":[285,155,68,21,163,23,286,243,279,182],"class_list":["post-29382","post","type-post","status-publish","format-standard","hentry","category-video","tag-antonio-sampaio","tag-bipolar","tag-crise","tag-depressao","tag-doenca","tag-egoclinic","tag-entrevista","tag-maniaca","tag-psiquiatra","tag-psiquiatria"],"_links":{"self":[{"href":"https:\/\/egoclinic.pt\/PT\/wp-json\/wp\/v2\/posts\/29382","targetHints":{"allow":["GET"]}}],"collection":[{"href":"https:\/\/egoclinic.pt\/PT\/wp-json\/wp\/v2\/posts"}],"about":[{"href":"https:\/\/egoclinic.pt\/PT\/wp-json\/wp\/v2\/types\/post"}],"author":[{"embeddable":true,"href":"https:\/\/egoclinic.pt\/PT\/wp-json\/wp\/v2\/users\/1"}],"replies":[{"embeddable":true,"href":"https:\/\/egoclinic.pt\/PT\/wp-json\/wp\/v2\/comments?post=29382"}],"version-history":[{"count":3,"href":"https:\/\/egoclinic.pt\/PT\/wp-json\/wp\/v2\/posts\/29382\/revisions"}],"predecessor-version":[{"id":29419,"href":"https:\/\/egoclinic.pt\/PT\/wp-json\/wp\/v2\/posts\/29382\/revisions\/29419"}],"wp:attachment":[{"href":"https:\/\/egoclinic.pt\/PT\/wp-json\/wp\/v2\/media?parent=29382"}],"wp:term":[{"taxonomy":"category","embeddable":true,"href":"https:\/\/egoclinic.pt\/PT\/wp-json\/wp\/v2\/categories?post=29382"},{"taxonomy":"post_tag","embeddable":true,"href":"https:\/\/egoclinic.pt\/PT\/wp-json\/wp\/v2\/tags?post=29382"}],"curies":[{"name":"wp","href":"https:\/\/api.w.org\/{rel}","templated":true}]}}