{"id":29384,"date":"2012-06-22T03:00:39","date_gmt":"2012-06-22T02:00:39","guid":{"rendered":"https:\/\/egoclinic.pt\/PT\/?p=29384"},"modified":"2019-01-29T19:56:50","modified_gmt":"2019-01-29T19:56:50","slug":"esquizofrenia","status":"publish","type":"post","link":"https:\/\/egoclinic.pt\/PT\/2012\/06\/esquizofrenia\/","title":{"rendered":"Esquizofrenia"},"content":{"rendered":"<p>[et_pb_section bb_built=&#8221;1&#8243; _builder_version=&#8221;3.0.47&#8243;][et_pb_row _builder_version=&#8221;3.9&#8243; background_size=&#8221;initial&#8221; background_position=&#8221;top_left&#8221; background_repeat=&#8221;repeat&#8221;][et_pb_column type=&#8221;2_3&#8243;][et_pb_text admin_label=&#8221;VIDEO&#8221; _builder_version=&#8221;3.9&#8243;]<\/p>\n<p><iframe loading=\"lazy\" width=\"1080\" height=\"810\" src=\"https:\/\/www.youtube.com\/embed\/DmpNUxKehc4?feature=oembed\" frameborder=\"0\" allow=\"autoplay; encrypted-media\" allowfullscreen><\/iframe><\/p>\n<p>[\/et_pb_text][\/et_pb_column][et_pb_column type=&#8221;1_3&#8243;][et_pb_text _builder_version=&#8221;3.9&#8243;]<\/p>\n<p>Ant\u00f3nio Sampaio, psiquiatra, em entrevista \u00e0 RTP \u00c1frica no programa Viva Sa\u00fade, em 22 Junho 2012.<\/p>\n<p>&#8212;&#8211;<\/p>\n<p>A esquizofrenia \u00e9 um transtorno mental que atinge cerca de 1% da popula\u00e7\u00e3o.<\/p>\n<p>A esquizofrenia pertence ao grupo das psicoses e caracteriza-se por uma evidente desorganiza\u00e7\u00e3o da personalidade. As alucina\u00e7\u00f5es s\u00e3o muito frequentes e traduzem-se em estados de loucura nos quais o indiv\u00edduo se v\u00ea enclausurado, sem sa\u00edda poss\u00edvel. As causas deste dist\u00farbio ainda n\u00e3o s\u00e3o conhecidas no entanto pessoas com casos de esquizofrenia na fam\u00edlia t\u00eam mais probabilidades de a virem a contrair.<\/p>\n<p>[\/et_pb_text][\/et_pb_column][\/et_pb_row][\/et_pb_section]<\/p>\n","protected":false},"excerpt":{"rendered":"<p>Ant\u00f3nio Sampaio, psiquiatra, em entrevista \u00e0 RTP \u00c1frica no programa Viva Sa\u00fade, em 22 Junho 2012.<\/p>\n<p>&#8212;&#8211;<\/p>\n<p>A esquizofrenia \u00e9 um transtorno mental que atinge cerca de 1% da popula\u00e7\u00e3o.<\/p>\n<p>A esquizofrenia pertence ao grupo das psicoses e caracteriza-se por uma evidente desorganiza\u00e7\u00e3o da personalidade. As alucina\u00e7\u00f5es s\u00e3o muito frequentes e traduzem-se em estados de loucura nos quais o indiv\u00edduo se v\u00ea enclausurado, sem sa\u00edda poss\u00edvel. As causas deste dist\u00farbio ainda n\u00e3o s\u00e3o conhecidas no entanto pessoas com casos de esquizofrenia na fam\u00edlia t\u00eam mais probabilidades de a virem a contrair.<\/p>\n","protected":false},"author":1,"featured_media":0,"comment_status":"closed","ping_status":"closed","sticky":false,"template":"","format":"standard","meta":{"_et_pb_use_builder":"on","_et_pb_old_content":"","_et_gb_content_width":"","footnotes":""},"categories":[12],"tags":[285,23,286,192,279,182],"class_list":["post-29384","post","type-post","status-publish","format-standard","hentry","category-video","tag-antonio-sampaio","tag-egoclinic","tag-entrevista","tag-esquizofrenia","tag-psiquiatra","tag-psiquiatria"],"_links":{"self":[{"href":"https:\/\/egoclinic.pt\/PT\/wp-json\/wp\/v2\/posts\/29384","targetHints":{"allow":["GET"]}}],"collection":[{"href":"https:\/\/egoclinic.pt\/PT\/wp-json\/wp\/v2\/posts"}],"about":[{"href":"https:\/\/egoclinic.pt\/PT\/wp-json\/wp\/v2\/types\/post"}],"author":[{"embeddable":true,"href":"https:\/\/egoclinic.pt\/PT\/wp-json\/wp\/v2\/users\/1"}],"replies":[{"embeddable":true,"href":"https:\/\/egoclinic.pt\/PT\/wp-json\/wp\/v2\/comments?post=29384"}],"version-history":[{"count":2,"href":"https:\/\/egoclinic.pt\/PT\/wp-json\/wp\/v2\/posts\/29384\/revisions"}],"predecessor-version":[{"id":29423,"href":"https:\/\/egoclinic.pt\/PT\/wp-json\/wp\/v2\/posts\/29384\/revisions\/29423"}],"wp:attachment":[{"href":"https:\/\/egoclinic.pt\/PT\/wp-json\/wp\/v2\/media?parent=29384"}],"wp:term":[{"taxonomy":"category","embeddable":true,"href":"https:\/\/egoclinic.pt\/PT\/wp-json\/wp\/v2\/categories?post=29384"},{"taxonomy":"post_tag","embeddable":true,"href":"https:\/\/egoclinic.pt\/PT\/wp-json\/wp\/v2\/tags?post=29384"}],"curies":[{"name":"wp","href":"https:\/\/api.w.org\/{rel}","templated":true}]}}