{"id":29386,"date":"2012-04-02T04:05:38","date_gmt":"2012-04-02T03:05:38","guid":{"rendered":"https:\/\/egoclinic.pt\/PT\/?p=29386"},"modified":"2019-01-29T19:56:50","modified_gmt":"2019-01-29T19:56:50","slug":"depressao-parte-1","status":"publish","type":"post","link":"https:\/\/egoclinic.pt\/PT\/2012\/04\/depressao-parte-1\/","title":{"rendered":"Depress\u00e3o &#8211; Parte 1"},"content":{"rendered":"<p>[et_pb_section bb_built=&#8221;1&#8243; _builder_version=&#8221;3.0.47&#8243;][et_pb_row _builder_version=&#8221;3.9&#8243; background_size=&#8221;initial&#8221; background_position=&#8221;top_left&#8221; background_repeat=&#8221;repeat&#8221;][et_pb_column type=&#8221;2_3&#8243;][et_pb_text admin_label=&#8221;VIDEO&#8221; _builder_version=&#8221;3.9&#8243;]<\/p>\n<p><iframe loading=\"lazy\" width=\"1080\" height=\"810\" src=\"https:\/\/www.youtube.com\/embed\/NetjdBBXbMI?feature=oembed\" frameborder=\"0\" allow=\"autoplay; encrypted-media\" allowfullscreen><\/iframe><\/p>\n<p>[\/et_pb_text][\/et_pb_column][et_pb_column type=&#8221;1_3&#8243;][et_pb_text _builder_version=&#8221;3.9&#8243;]<\/p>\n<p>Ant\u00f3nio Sampaio, psiquiatra, em entrevista \u00e0 RTP \u00c1frica no programa Viva Sa\u00fade, em 2 Abril 2012.<\/p>\n<p>Parte 1<\/p>\n<p>&#8212;&#8211;<\/p>\n<p>A depress\u00e3o afeta cerca de 121 milh\u00f5es de pessoas em todo o mundo e \u00e9 a principal causa de incapacidade. Segundo dados estat\u00edsticos, esta doen\u00e7a \u00e9 muito mais frequente nos g\u00e9meos e nos filhos de pessoas deprimidas, o que leva a crer que existe uma certa predisposi\u00e7\u00e3o gen\u00e9tica para se ser afetado pela doen\u00e7a.<\/p>\n<p>Alguns dos sintomas mais comuns s\u00e3o a modifica\u00e7\u00e3o do apetite, perturba\u00e7\u00f5es do sono, cansa\u00e7o, tristeza, sentimento de inutilidade, baixa auto-estima e irritabilidade. O tratamento \u00e9 efetuado com antidepressivos e psicoterapia e \u00e9 eficaz em 60 a 80% dos casos.<\/p>\n<p>&#8212;&#8211;<\/p>\n<p>Entrevista com Karina Gon\u00e7alves, com a presen\u00e7a do Dr. Ant\u00f3nio Sampaio, psiquiatra e mestre em neuroci\u00eancias.<br \/>\npor: M\u00e1rcia Craveiro<\/p>\n<p>[\/et_pb_text][\/et_pb_column][\/et_pb_row][\/et_pb_section]<\/p>\n","protected":false},"excerpt":{"rendered":"<p>Ant\u00f3nio Sampaio, psiquiatra, em entrevista \u00e0 RTP \u00c1frica no programa Viva Sa\u00fade, em 2 Abril 2012.<\/p>\n<p>Parte 1<\/p>\n<p>&#8212;&#8211;<\/p>\n<p>A depress\u00e3o afeta cerca de 121 milh\u00f5es de pessoas em todo o mundo e \u00e9 a principal causa de incapacidade. Segundo dados estat\u00edsticos, esta doen\u00e7a \u00e9 muito mais frequente nos g\u00e9meos e nos filhos de pessoas deprimidas, o que leva a crer que existe uma certa predisposi\u00e7\u00e3o gen\u00e9tica para se ser afetado pela doen\u00e7a.<\/p>\n<p>Alguns dos sintomas mais comuns s\u00e3o a modifica\u00e7\u00e3o do apetite, perturba\u00e7\u00f5es do sono, cansa\u00e7o, tristeza, sentimento de inutilidade, baixa auto-estima e irritabilidade. O tratamento \u00e9 efetuado com antidepressivos e psicoterapia e \u00e9 eficaz em 60 a 80% dos casos.<\/p>\n<p>&#8212;&#8211;<\/p>\n<p>Entrevista com Karina Gon\u00e7alves, com a presen\u00e7a do Dr. Ant\u00f3nio Sampaio, psiquiatra e mestre em neuroci\u00eancias.<br \/>\npor: M\u00e1rcia Craveiro<\/p>\n","protected":false},"author":1,"featured_media":0,"comment_status":"closed","ping_status":"closed","sticky":false,"template":"","format":"standard","meta":{"_et_pb_use_builder":"on","_et_pb_old_content":"","_et_gb_content_width":"","footnotes":""},"categories":[12],"tags":[285,21,23,286,279,182],"class_list":["post-29386","post","type-post","status-publish","format-standard","hentry","category-video","tag-antonio-sampaio","tag-depressao","tag-egoclinic","tag-entrevista","tag-psiquiatra","tag-psiquiatria"],"_links":{"self":[{"href":"https:\/\/egoclinic.pt\/PT\/wp-json\/wp\/v2\/posts\/29386","targetHints":{"allow":["GET"]}}],"collection":[{"href":"https:\/\/egoclinic.pt\/PT\/wp-json\/wp\/v2\/posts"}],"about":[{"href":"https:\/\/egoclinic.pt\/PT\/wp-json\/wp\/v2\/types\/post"}],"author":[{"embeddable":true,"href":"https:\/\/egoclinic.pt\/PT\/wp-json\/wp\/v2\/users\/1"}],"replies":[{"embeddable":true,"href":"https:\/\/egoclinic.pt\/PT\/wp-json\/wp\/v2\/comments?post=29386"}],"version-history":[{"count":4,"href":"https:\/\/egoclinic.pt\/PT\/wp-json\/wp\/v2\/posts\/29386\/revisions"}],"predecessor-version":[{"id":29422,"href":"https:\/\/egoclinic.pt\/PT\/wp-json\/wp\/v2\/posts\/29386\/revisions\/29422"}],"wp:attachment":[{"href":"https:\/\/egoclinic.pt\/PT\/wp-json\/wp\/v2\/media?parent=29386"}],"wp:term":[{"taxonomy":"category","embeddable":true,"href":"https:\/\/egoclinic.pt\/PT\/wp-json\/wp\/v2\/categories?post=29386"},{"taxonomy":"post_tag","embeddable":true,"href":"https:\/\/egoclinic.pt\/PT\/wp-json\/wp\/v2\/tags?post=29386"}],"curies":[{"name":"wp","href":"https:\/\/api.w.org\/{rel}","templated":true}]}}