{"id":29428,"date":"2011-12-15T04:04:27","date_gmt":"2011-12-15T04:04:27","guid":{"rendered":"https:\/\/egoclinic.pt\/PT\/?p=29428"},"modified":"2019-01-29T19:56:51","modified_gmt":"2019-01-29T19:56:51","slug":"estudo-revela-que-o-otimismo-faz-bem-a-saude","status":"publish","type":"post","link":"https:\/\/egoclinic.pt\/PT\/2011\/12\/estudo-revela-que-o-otimismo-faz-bem-a-saude\/","title":{"rendered":"Estudo revela que o otimismo faz bem \u00e0 sa\u00fade"},"content":{"rendered":"<p>[et_pb_section bb_built=&#8221;1&#8243; _builder_version=&#8221;3.0.47&#8243;][et_pb_row _builder_version=&#8221;3.9&#8243; background_size=&#8221;initial&#8221; background_position=&#8221;top_left&#8221; background_repeat=&#8221;repeat&#8221;][et_pb_column type=&#8221;2_3&#8243;][et_pb_text admin_label=&#8221;VIDEO&#8221; _builder_version=&#8221;3.9&#8243;]<\/p>\n<p><iframe loading=\"lazy\" width=\"1080\" height=\"810\" src=\"https:\/\/www.youtube.com\/embed\/PLYjAYTQv-E?feature=oembed\" frameborder=\"0\" allow=\"autoplay; encrypted-media\" allowfullscreen><\/iframe><\/p>\n<p>[\/et_pb_text][\/et_pb_column][et_pb_column type=&#8221;1_3&#8243;][et_pb_text _builder_version=&#8221;3.9&#8243;]<\/p>\n<p>Ant\u00f3nio Sampaio, psiquiatra, em entrevista \u00e0 RTP no programa Bom Dia Portugal, em 15 Dezembro 2011.<\/p>\n<p>&#8212;&#8211;<\/p>\n<p>Um estudo da Universidade de Londres concluiu que o c\u00e9rebro rejeita os pensamentos negativos e que as pessoas mais otimistas reagem melhor \u00e0s m\u00e1s not\u00edcias. Ant\u00f3nio Sampaio, m\u00e9dico psiquiatra, comenta as conclus\u00f5es da investiga\u00e7\u00e3o.<\/p>\n<p>[\/et_pb_text][\/et_pb_column][\/et_pb_row][\/et_pb_section]<\/p>\n","protected":false},"excerpt":{"rendered":"<p>Ant\u00f3nio Sampaio, psiquiatra, em entrevista \u00e0 RTP no programa Bom Dia Portugal, em 15 Dezembro 2011.<\/p>\n<p>&#8212;&#8211;<\/p>\n<p>Um estudo da Universidade de Londres concluiu que o c\u00e9rebro rejeita os pensamentos negativos e que as pessoas mais otimistas reagem melhor \u00e0s m\u00e1s not\u00edcias. Ant\u00f3nio Sampaio, m\u00e9dico psiquiatra, comenta as conclus\u00f5es da investiga\u00e7\u00e3o.<\/p>\n","protected":false},"author":1,"featured_media":0,"comment_status":"closed","ping_status":"closed","sticky":false,"template":"","format":"standard","meta":{"_et_pb_use_builder":"on","_et_pb_old_content":"","_et_gb_content_width":"","footnotes":""},"categories":[12],"tags":[285,250,251,23,286,249,248,279,182,49],"class_list":["post-29428","post","type-post","status-publish","format-standard","hentry","category-video","tag-antonio-sampaio","tag-bem","tag-benificia","tag-egoclinic","tag-entrevista","tag-optimismo","tag-otimismo","tag-psiquiatra","tag-psiquiatria","tag-saude"],"_links":{"self":[{"href":"https:\/\/egoclinic.pt\/PT\/wp-json\/wp\/v2\/posts\/29428","targetHints":{"allow":["GET"]}}],"collection":[{"href":"https:\/\/egoclinic.pt\/PT\/wp-json\/wp\/v2\/posts"}],"about":[{"href":"https:\/\/egoclinic.pt\/PT\/wp-json\/wp\/v2\/types\/post"}],"author":[{"embeddable":true,"href":"https:\/\/egoclinic.pt\/PT\/wp-json\/wp\/v2\/users\/1"}],"replies":[{"embeddable":true,"href":"https:\/\/egoclinic.pt\/PT\/wp-json\/wp\/v2\/comments?post=29428"}],"version-history":[{"count":1,"href":"https:\/\/egoclinic.pt\/PT\/wp-json\/wp\/v2\/posts\/29428\/revisions"}],"predecessor-version":[{"id":29429,"href":"https:\/\/egoclinic.pt\/PT\/wp-json\/wp\/v2\/posts\/29428\/revisions\/29429"}],"wp:attachment":[{"href":"https:\/\/egoclinic.pt\/PT\/wp-json\/wp\/v2\/media?parent=29428"}],"wp:term":[{"taxonomy":"category","embeddable":true,"href":"https:\/\/egoclinic.pt\/PT\/wp-json\/wp\/v2\/categories?post=29428"},{"taxonomy":"post_tag","embeddable":true,"href":"https:\/\/egoclinic.pt\/PT\/wp-json\/wp\/v2\/tags?post=29428"}],"curies":[{"name":"wp","href":"https:\/\/api.w.org\/{rel}","templated":true}]}}