{"id":29648,"date":"2020-03-23T02:10:37","date_gmt":"2020-03-23T02:10:37","guid":{"rendered":"https:\/\/egoclinic.pt\/PT\/?p=29648"},"modified":"2020-03-27T02:14:24","modified_gmt":"2020-03-27T02:14:24","slug":"coronavirus-covid-19-isolamento-social","status":"publish","type":"post","link":"https:\/\/egoclinic.pt\/PT\/2020\/03\/coronavirus-covid-19-isolamento-social\/","title":{"rendered":"Coronav\u00edrus Covid-19 &#8211; Isolamento Social"},"content":{"rendered":"<p>[et_pb_section bb_built=&#8221;1&#8243; _builder_version=&#8221;3.0.47&#8243;][et_pb_row _builder_version=&#8221;3.0.48&#8243; background_size=&#8221;initial&#8221; background_position=&#8221;top_left&#8221; background_repeat=&#8221;repeat&#8221;][et_pb_column type=&#8221;2_3&#8243;][et_pb_text admin_label=&#8221;VIDEO&#8221; _builder_version=&#8221;3.9&#8243;]<\/p>\n<p><iframe loading=\"lazy\" width=\"1080\" height=\"608\" src=\"https:\/\/www.youtube.com\/embed\/rxKRLSaXM_s?feature=oembed\" frameborder=\"0\" allow=\"accelerometer; autoplay; encrypted-media; gyroscope; picture-in-picture\" allowfullscreen><\/iframe><\/p>\n<p>[\/et_pb_text][\/et_pb_column][et_pb_column type=&#8221;1_3&#8243;][et_pb_text _builder_version=&#8221;3.9&#8243;]<\/p>\n<p>Ant\u00f3nio Sampaio, psiquiatra, em entrevista \u00e0 RTP no programa Bom Dia Portugal, em 23 Mar\u00e7o 2020.<\/p>\n<p>[\/et_pb_text][\/et_pb_column][\/et_pb_row][\/et_pb_section]<\/p>\n","protected":false},"excerpt":{"rendered":"<p>Ant\u00f3nio Sampaio, psiquiatra, em entrevista \u00e0 RTP no programa Bom Dia Portugal, em 23 Mar\u00e7o 2020.<\/p>\n","protected":false},"author":1,"featured_media":29649,"comment_status":"closed","ping_status":"closed","sticky":false,"template":"","format":"standard","meta":{"_et_pb_use_builder":"on","_et_pb_old_content":"","_et_gb_content_width":"","footnotes":""},"categories":[12],"tags":[277,315,314,23,194,316,318,279,317,278],"class_list":["post-29648","post","type-post","status-publish","format-standard","has-post-thumbnail","hentry","category-video","tag-antonio","tag-coronavirus","tag-covid-19","tag-egoclinic","tag-isolamento","tag-isolamento-social","tag-pandemia","tag-psiquiatra","tag-quarentena","tag-sampaio"],"_links":{"self":[{"href":"https:\/\/egoclinic.pt\/PT\/wp-json\/wp\/v2\/posts\/29648","targetHints":{"allow":["GET"]}}],"collection":[{"href":"https:\/\/egoclinic.pt\/PT\/wp-json\/wp\/v2\/posts"}],"about":[{"href":"https:\/\/egoclinic.pt\/PT\/wp-json\/wp\/v2\/types\/post"}],"author":[{"embeddable":true,"href":"https:\/\/egoclinic.pt\/PT\/wp-json\/wp\/v2\/users\/1"}],"replies":[{"embeddable":true,"href":"https:\/\/egoclinic.pt\/PT\/wp-json\/wp\/v2\/comments?post=29648"}],"version-history":[{"count":1,"href":"https:\/\/egoclinic.pt\/PT\/wp-json\/wp\/v2\/posts\/29648\/revisions"}],"predecessor-version":[{"id":29650,"href":"https:\/\/egoclinic.pt\/PT\/wp-json\/wp\/v2\/posts\/29648\/revisions\/29650"}],"wp:featuredmedia":[{"embeddable":true,"href":"https:\/\/egoclinic.pt\/PT\/wp-json\/wp\/v2\/media\/29649"}],"wp:attachment":[{"href":"https:\/\/egoclinic.pt\/PT\/wp-json\/wp\/v2\/media?parent=29648"}],"wp:term":[{"taxonomy":"category","embeddable":true,"href":"https:\/\/egoclinic.pt\/PT\/wp-json\/wp\/v2\/categories?post=29648"},{"taxonomy":"post_tag","embeddable":true,"href":"https:\/\/egoclinic.pt\/PT\/wp-json\/wp\/v2\/tags?post=29648"}],"curies":[{"name":"wp","href":"https:\/\/api.w.org\/{rel}","templated":true}]}}