{"id":29653,"date":"2020-04-27T14:44:48","date_gmt":"2020-04-27T13:44:48","guid":{"rendered":"https:\/\/egoclinic.pt\/PT\/?p=29653"},"modified":"2020-05-05T14:48:53","modified_gmt":"2020-05-05T13:48:53","slug":"o-habito-de-levar-as-maos-a-cara","status":"publish","type":"post","link":"https:\/\/egoclinic.pt\/PT\/2020\/04\/o-habito-de-levar-as-maos-a-cara\/","title":{"rendered":"O h\u00e1bito de levar as m\u00e3os \u00e0 cara"},"content":{"rendered":"<p>[et_pb_section bb_built=&#8221;1&#8243; _builder_version=&#8221;3.0.47&#8243;][et_pb_row _builder_version=&#8221;3.0.48&#8243; background_size=&#8221;initial&#8221; background_position=&#8221;top_left&#8221; background_repeat=&#8221;repeat&#8221;][et_pb_column type=&#8221;2_3&#8243;][et_pb_text admin_label=&#8221;VIDEO&#8221; _builder_version=&#8221;3.9&#8243;]<\/p>\n<p><iframe loading=\"lazy\" width=\"1080\" height=\"608\" src=\"https:\/\/www.youtube.com\/embed\/Kqx4VHo_h9Y?feature=oembed\" frameborder=\"0\" allow=\"accelerometer; autoplay; encrypted-media; gyroscope; picture-in-picture\" allowfullscreen><\/iframe><\/p>\n<p>[\/et_pb_text][\/et_pb_column][et_pb_column type=&#8221;1_3&#8243;][et_pb_text _builder_version=&#8221;3.9&#8243;]<\/p>\n<p>Ant\u00f3nio Sampaio, psiquiatra, em entrevista \u00e0 RTP no programa Bom Dia Portugal, em 27 Abril 2020.<\/p>\n<p>[\/et_pb_text][\/et_pb_column][\/et_pb_row][\/et_pb_section]<\/p>\n","protected":false},"excerpt":{"rendered":"<p>Ant\u00f3nio Sampaio, psiquiatra, em entrevista \u00e0 RTP no programa Bom Dia Portugal, em 27 Abril 2020.<\/p>\n","protected":false},"author":1,"featured_media":29654,"comment_status":"closed","ping_status":"closed","sticky":false,"template":"","format":"standard","meta":{"_et_pb_use_builder":"on","_et_pb_old_content":"","_et_gb_content_width":"","footnotes":""},"categories":[12],"tags":[277,322,315,314,23,323,320,194,316,321,319,318,279,317,278],"class_list":["post-29653","post","type-post","status-publish","format-standard","has-post-thumbnail","hentry","category-video","tag-antonio","tag-cara","tag-coronavirus","tag-covid-19","tag-egoclinic","tag-habito","tag-higiene","tag-isolamento","tag-isolamento-social","tag-maos","tag-mascaras","tag-pandemia","tag-psiquiatra","tag-quarentena","tag-sampaio"],"_links":{"self":[{"href":"https:\/\/egoclinic.pt\/PT\/wp-json\/wp\/v2\/posts\/29653","targetHints":{"allow":["GET"]}}],"collection":[{"href":"https:\/\/egoclinic.pt\/PT\/wp-json\/wp\/v2\/posts"}],"about":[{"href":"https:\/\/egoclinic.pt\/PT\/wp-json\/wp\/v2\/types\/post"}],"author":[{"embeddable":true,"href":"https:\/\/egoclinic.pt\/PT\/wp-json\/wp\/v2\/users\/1"}],"replies":[{"embeddable":true,"href":"https:\/\/egoclinic.pt\/PT\/wp-json\/wp\/v2\/comments?post=29653"}],"version-history":[{"count":1,"href":"https:\/\/egoclinic.pt\/PT\/wp-json\/wp\/v2\/posts\/29653\/revisions"}],"predecessor-version":[{"id":29655,"href":"https:\/\/egoclinic.pt\/PT\/wp-json\/wp\/v2\/posts\/29653\/revisions\/29655"}],"wp:featuredmedia":[{"embeddable":true,"href":"https:\/\/egoclinic.pt\/PT\/wp-json\/wp\/v2\/media\/29654"}],"wp:attachment":[{"href":"https:\/\/egoclinic.pt\/PT\/wp-json\/wp\/v2\/media?parent=29653"}],"wp:term":[{"taxonomy":"category","embeddable":true,"href":"https:\/\/egoclinic.pt\/PT\/wp-json\/wp\/v2\/categories?post=29653"},{"taxonomy":"post_tag","embeddable":true,"href":"https:\/\/egoclinic.pt\/PT\/wp-json\/wp\/v2\/tags?post=29653"}],"curies":[{"name":"wp","href":"https:\/\/api.w.org\/{rel}","templated":true}]}}