{"id":29747,"date":"2021-02-19T22:00:00","date_gmt":"2021-02-19T22:00:00","guid":{"rendered":"https:\/\/egoclinic.pt\/PT\/?p=29747"},"modified":"2021-03-25T22:37:49","modified_gmt":"2021-03-25T22:37:49","slug":"a-necessidade-de-incluir-pessoas-com-doenca-mental-grave-no-grupo-prioritario-de-vacinacao","status":"publish","type":"post","link":"https:\/\/egoclinic.pt\/PT\/2021\/02\/a-necessidade-de-incluir-pessoas-com-doenca-mental-grave-no-grupo-prioritario-de-vacinacao\/","title":{"rendered":"A necessidade de incluir pessoas com doen\u00e7a mental grave no grupo priorit\u00e1rio de vacina\u00e7\u00e3o."},"content":{"rendered":"<p>[et_pb_section fb_built=&#8221;1&#8243; _builder_version=&#8221;3.22&#8243;][et_pb_row column_structure=&#8221;2_3,1_3&#8243; _builder_version=&#8221;3.25&#8243; background_size=&#8221;initial&#8221; background_position=&#8221;top_left&#8221; background_repeat=&#8221;repeat&#8221;][et_pb_column type=&#8221;2_3&#8243; _builder_version=&#8221;3.25&#8243; custom_padding=&#8221;|||&#8221; custom_padding__hover=&#8221;|||&#8221;][et_pb_text admin_label=&#8221;VIDEO&#8221; _builder_version=&#8221;4.9.0&#8243;]<\/p>\n<p><iframe loading=\"lazy\" title=\"A necessidade de incluir pessoas com doen\u00e7a mental grave no grupo priorit\u00e1rio de vacina\u00e7\u00e3o.\" width=\"1080\" height=\"608\" src=\"https:\/\/www.youtube.com\/embed\/TTgDddQUUZI?feature=oembed\"  allow=\"accelerometer; autoplay; clipboard-write; encrypted-media; gyroscope; picture-in-picture\" allowfullscreen><\/iframe><\/p>\n<p>[\/et_pb_text][\/et_pb_column][et_pb_column type=&#8221;1_3&#8243; _builder_version=&#8221;3.25&#8243; custom_padding=&#8221;|||&#8221; custom_padding__hover=&#8221;|||&#8221;][et_pb_text _builder_version=&#8221;3.27.4&#8243;]<\/p>\n<p>Ant\u00f3nio Sampaio, psiquiatra, em entrevista \u00e0 RTP no programa Bom Dia Portugal, em 19 Fevereiro 2021.<\/p>\n<p>[\/et_pb_text][\/et_pb_column][\/et_pb_row][\/et_pb_section]<\/p>\n","protected":false},"excerpt":{"rendered":"<p>Ant\u00f3nio Sampaio, psiquiatra, em entrevista \u00e0 RTP no programa Bom Dia Portugal, em 19 Fevereiro 2021.<\/p>\n","protected":false},"author":1,"featured_media":29749,"comment_status":"closed","ping_status":"closed","sticky":false,"template":"","format":"standard","meta":{"_et_pb_use_builder":"on","_et_pb_old_content":"","_et_gb_content_width":"2880","footnotes":""},"categories":[12],"tags":[277,314,334,21,67,330,23,192,194,333,332,279,335,278,146,331,336],"class_list":["post-29747","post","type-post","status-publish","format-standard","has-post-thumbnail","hentry","category-video","tag-antonio","tag-covid-19","tag-covid19","tag-depressao","tag-doenca-mental","tag-doenca-mental-grave","tag-egoclinic","tag-esquizofrenia","tag-isolamento","tag-prioridade","tag-prioritario","tag-psiquiatra","tag-risco","tag-sampaio","tag-stress","tag-vacinacao","tag-vulnerabilidade"],"_links":{"self":[{"href":"https:\/\/egoclinic.pt\/PT\/wp-json\/wp\/v2\/posts\/29747","targetHints":{"allow":["GET"]}}],"collection":[{"href":"https:\/\/egoclinic.pt\/PT\/wp-json\/wp\/v2\/posts"}],"about":[{"href":"https:\/\/egoclinic.pt\/PT\/wp-json\/wp\/v2\/types\/post"}],"author":[{"embeddable":true,"href":"https:\/\/egoclinic.pt\/PT\/wp-json\/wp\/v2\/users\/1"}],"replies":[{"embeddable":true,"href":"https:\/\/egoclinic.pt\/PT\/wp-json\/wp\/v2\/comments?post=29747"}],"version-history":[{"count":6,"href":"https:\/\/egoclinic.pt\/PT\/wp-json\/wp\/v2\/posts\/29747\/revisions"}],"predecessor-version":[{"id":29868,"href":"https:\/\/egoclinic.pt\/PT\/wp-json\/wp\/v2\/posts\/29747\/revisions\/29868"}],"wp:featuredmedia":[{"embeddable":true,"href":"https:\/\/egoclinic.pt\/PT\/wp-json\/wp\/v2\/media\/29749"}],"wp:attachment":[{"href":"https:\/\/egoclinic.pt\/PT\/wp-json\/wp\/v2\/media?parent=29747"}],"wp:term":[{"taxonomy":"category","embeddable":true,"href":"https:\/\/egoclinic.pt\/PT\/wp-json\/wp\/v2\/categories?post=29747"},{"taxonomy":"post_tag","embeddable":true,"href":"https:\/\/egoclinic.pt\/PT\/wp-json\/wp\/v2\/tags?post=29747"}],"curies":[{"name":"wp","href":"https:\/\/api.w.org\/{rel}","templated":true}]}}