{"id":29908,"date":"2022-03-30T09:49:00","date_gmt":"2022-03-30T08:49:00","guid":{"rendered":"https:\/\/egoclinic.pt\/PT\/?p=29908"},"modified":"2022-10-11T22:03:15","modified_gmt":"2022-10-11T21:03:15","slug":"dia-mundial-da-doenca-bipolar","status":"publish","type":"post","link":"https:\/\/egoclinic.pt\/PT\/2022\/03\/dia-mundial-da-doenca-bipolar\/","title":{"rendered":"Dia Mundial da Doen\u00e7a Bipolar"},"content":{"rendered":"<p>[et_pb_section fb_built=&#8221;1&#8243; _builder_version=&#8221;3.22&#8243;][et_pb_row column_structure=&#8221;2_3,1_3&#8243; _builder_version=&#8221;3.25&#8243; background_size=&#8221;initial&#8221; background_position=&#8221;top_left&#8221; background_repeat=&#8221;repeat&#8221;][et_pb_column type=&#8221;2_3&#8243; _builder_version=&#8221;3.25&#8243; custom_padding=&#8221;|||&#8221; custom_padding__hover=&#8221;|||&#8221;][et_pb_text admin_label=&#8221;VIDEO&#8221; _builder_version=&#8221;4.9.4&#8243;]<\/p>\n<p><iframe loading=\"lazy\" title=\"Dia Mundial da Doen\u00e7a Bipolar\" width=\"1080\" height=\"608\" src=\"https:\/\/www.youtube.com\/embed\/zASDh8jnZzQ?feature=oembed\"  allow=\"accelerometer; autoplay; clipboard-write; encrypted-media; gyroscope; picture-in-picture\" allowfullscreen><\/iframe><\/p>\n<p>[\/et_pb_text][\/et_pb_column][et_pb_column type=&#8221;1_3&#8243; _builder_version=&#8221;3.25&#8243; custom_padding=&#8221;|||&#8221; custom_padding__hover=&#8221;|||&#8221;][et_pb_text _builder_version=&#8221;3.27.4&#8243;]<\/p>\n<p>Ant\u00f3nio Sampaio, psiquiatra, em entrevista \u00e0 RTP no programa Bom Dia Portugal, em 30 Mar\u00e7o 2022.<\/p>\n<p>[\/et_pb_text][\/et_pb_column][\/et_pb_row][\/et_pb_section]<\/p>\n","protected":false},"excerpt":{"rendered":"<p>Ant\u00f3nio Sampaio, psiquiatra, em entrevista \u00e0 RTP no programa Bom Dia Portugal, em 30 Mar\u00e7o 2022.<\/p>\n","protected":false},"author":1,"featured_media":29909,"comment_status":"closed","ping_status":"closed","sticky":false,"template":"","format":"standard","meta":{"_et_pb_use_builder":"on","_et_pb_old_content":"","_et_gb_content_width":"960","footnotes":""},"categories":[12],"tags":[420,75,416,402,277,155,399,409,411,404,172,232,419,403,68,47,408,410,412,23,400,266,405,418,243,414,421,407,417,406,398,401,279,413,278,415],"class_list":["post-29908","post","type-post","status-publish","format-standard","has-post-thumbnail","hentry","category-video","tag-aconselhar","tag-ajuda","tag-alteracao","tag-alternar","tag-antonio","tag-bipolar","tag-bipolares","tag-caotica","tag-capacidade","tag-capaz","tag-comportamento","tag-compulsivo","tag-conter","tag-controlo","tag-crise","tag-depressivo","tag-deprimido","tag-diagnosticar","tag-dormir","tag-egoclinic","tag-euforico","tag-familiar","tag-internamento","tag-investimento","tag-maniaca","tag-medicacao","tag-medico","tag-megalomano","tag-padrao","tag-perigo","tag-perturbacao-bipolar","tag-polos","tag-psiquiatra","tag-recusa","tag-sampaio","tag-sinais"],"_links":{"self":[{"href":"https:\/\/egoclinic.pt\/PT\/wp-json\/wp\/v2\/posts\/29908","targetHints":{"allow":["GET"]}}],"collection":[{"href":"https:\/\/egoclinic.pt\/PT\/wp-json\/wp\/v2\/posts"}],"about":[{"href":"https:\/\/egoclinic.pt\/PT\/wp-json\/wp\/v2\/types\/post"}],"author":[{"embeddable":true,"href":"https:\/\/egoclinic.pt\/PT\/wp-json\/wp\/v2\/users\/1"}],"replies":[{"embeddable":true,"href":"https:\/\/egoclinic.pt\/PT\/wp-json\/wp\/v2\/comments?post=29908"}],"version-history":[{"count":5,"href":"https:\/\/egoclinic.pt\/PT\/wp-json\/wp\/v2\/posts\/29908\/revisions"}],"predecessor-version":[{"id":29932,"href":"https:\/\/egoclinic.pt\/PT\/wp-json\/wp\/v2\/posts\/29908\/revisions\/29932"}],"wp:featuredmedia":[{"embeddable":true,"href":"https:\/\/egoclinic.pt\/PT\/wp-json\/wp\/v2\/media\/29909"}],"wp:attachment":[{"href":"https:\/\/egoclinic.pt\/PT\/wp-json\/wp\/v2\/media?parent=29908"}],"wp:term":[{"taxonomy":"category","embeddable":true,"href":"https:\/\/egoclinic.pt\/PT\/wp-json\/wp\/v2\/categories?post=29908"},{"taxonomy":"post_tag","embeddable":true,"href":"https:\/\/egoclinic.pt\/PT\/wp-json\/wp\/v2\/tags?post=29908"}],"curies":[{"name":"wp","href":"https:\/\/api.w.org\/{rel}","templated":true}]}}