{"id":30044,"date":"2023-03-30T00:00:40","date_gmt":"2023-03-29T23:00:40","guid":{"rendered":"https:\/\/egoclinic.pt\/PT\/?p=30044"},"modified":"2023-04-11T16:05:09","modified_gmt":"2023-04-11T15:05:09","slug":"dia-mundial-da-doenca-bipolar-2","status":"publish","type":"post","link":"https:\/\/egoclinic.pt\/PT\/2023\/03\/dia-mundial-da-doenca-bipolar-2\/","title":{"rendered":"Dia Mundial da Doen\u00e7a Bipolar"},"content":{"rendered":"<p>[et_pb_section fb_built=&#8221;1&#8243; _builder_version=&#8221;4.16&#8243; global_colors_info=&#8221;{}&#8221; theme_builder_area=&#8221;post_content&#8221;][et_pb_row _builder_version=&#8221;4.16&#8243; background_size=&#8221;initial&#8221; background_position=&#8221;top_left&#8221; background_repeat=&#8221;repeat&#8221; global_colors_info=&#8221;{}&#8221; column_structure=&#8221;2_3,1_3&#8243; theme_builder_area=&#8221;post_content&#8221;][et_pb_column type=&#8221;2_3&#8243; _builder_version=&#8221;4.16&#8243; custom_padding=&#8221;|||&#8221; global_colors_info=&#8221;{}&#8221; custom_padding__hover=&#8221;|||&#8221; theme_builder_area=&#8221;post_content&#8221;][et_pb_text admin_label=&#8221;VIDEO&#8221; _builder_version=&#8221;4.20.4&#8243; hover_enabled=&#8221;0&#8243; global_colors_info=&#8221;{}&#8221; theme_builder_area=&#8221;post_content&#8221; sticky_enabled=&#8221;0&#8243;]<\/p>\n<p><iframe loading=\"lazy\" title=\"Dia Mundial da Doen\u00e7a Bipolar\" width=\"1080\" height=\"608\" src=\"https:\/\/www.youtube.com\/embed\/7R6lqLBJOFU?feature=oembed\"  allow=\"accelerometer; autoplay; clipboard-write; encrypted-media; gyroscope; picture-in-picture; web-share\" allowfullscreen><\/iframe><\/p>\n<p>[\/et_pb_text][\/et_pb_column][et_pb_column type=&#8221;1_3&#8243; _builder_version=&#8221;4.16&#8243; custom_padding=&#8221;|||&#8221; global_colors_info=&#8221;{}&#8221; custom_padding__hover=&#8221;|||&#8221; theme_builder_area=&#8221;post_content&#8221;][et_pb_text _builder_version=&#8221;4.20.4&#8243; hover_enabled=&#8221;0&#8243; global_colors_info=&#8221;{}&#8221; theme_builder_area=&#8221;post_content&#8221; sticky_enabled=&#8221;0&#8243;]<\/p>\n<p>Ant\u00f3nio Sampaio, psiquiatra, em entrevista \u00e0 RTP no programa Bom Dia Portugal, em 30 Mar\u00e7o 2023.<\/p>\n<p>[\/et_pb_text][\/et_pb_column][\/et_pb_row][\/et_pb_section]<\/p>\n","protected":false},"excerpt":{"rendered":"<p>Ant\u00f3nio Sampaio, psiquiatra, em entrevista \u00e0 RTP no programa Bom Dia Portugal, em 30 Mar\u00e7o 2023.<\/p>\n","protected":false},"author":1,"featured_media":30039,"comment_status":"closed","ping_status":"closed","sticky":false,"template":"","format":"standard","meta":{"_et_pb_use_builder":"on","_et_pb_old_content":"","_et_gb_content_width":"","footnotes":""},"categories":[12],"tags":[452,75,454,277,155,451,47,449,433,23,448,453,446,400,391,447,450,414,442,444,279,182,445,278,455,214,443],"class_list":["post-30044","post","type-post","status-publish","format-standard","has-post-thumbnail","hentry","category-video","tag-acompanhamento","tag-ajuda","tag-anti-depressivo","tag-antonio","tag-bipolar","tag-controlavel","tag-depressivo","tag-desencadear","tag-disposicao","tag-egoclinic","tag-endogeno","tag-estabilizador-de-humor","tag-euforia","tag-euforico","tag-fragilidade","tag-grandeza","tag-litio","tag-medicacao","tag-mudancas-de-humor","tag-oscilacoes","tag-psiquiatra","tag-psiquiatria","tag-recorrente","tag-sampaio","tag-suicida","tag-suicidio","tag-transtorno-bipolar"],"_links":{"self":[{"href":"https:\/\/egoclinic.pt\/PT\/wp-json\/wp\/v2\/posts\/30044","targetHints":{"allow":["GET"]}}],"collection":[{"href":"https:\/\/egoclinic.pt\/PT\/wp-json\/wp\/v2\/posts"}],"about":[{"href":"https:\/\/egoclinic.pt\/PT\/wp-json\/wp\/v2\/types\/post"}],"author":[{"embeddable":true,"href":"https:\/\/egoclinic.pt\/PT\/wp-json\/wp\/v2\/users\/1"}],"replies":[{"embeddable":true,"href":"https:\/\/egoclinic.pt\/PT\/wp-json\/wp\/v2\/comments?post=30044"}],"version-history":[{"count":2,"href":"https:\/\/egoclinic.pt\/PT\/wp-json\/wp\/v2\/posts\/30044\/revisions"}],"predecessor-version":[{"id":30047,"href":"https:\/\/egoclinic.pt\/PT\/wp-json\/wp\/v2\/posts\/30044\/revisions\/30047"}],"wp:featuredmedia":[{"embeddable":true,"href":"https:\/\/egoclinic.pt\/PT\/wp-json\/wp\/v2\/media\/30039"}],"wp:attachment":[{"href":"https:\/\/egoclinic.pt\/PT\/wp-json\/wp\/v2\/media?parent=30044"}],"wp:term":[{"taxonomy":"category","embeddable":true,"href":"https:\/\/egoclinic.pt\/PT\/wp-json\/wp\/v2\/categories?post=30044"},{"taxonomy":"post_tag","embeddable":true,"href":"https:\/\/egoclinic.pt\/PT\/wp-json\/wp\/v2\/tags?post=30044"}],"curies":[{"name":"wp","href":"https:\/\/api.w.org\/{rel}","templated":true}]}}