{"id":30178,"date":"2024-03-01T00:00:20","date_gmt":"2024-03-01T00:00:20","guid":{"rendered":"https:\/\/egoclinic.pt\/PT\/?p=30178"},"modified":"2024-03-13T17:27:58","modified_gmt":"2024-03-13T17:27:58","slug":"8-dos-portugueses-sofrem-de-depressao","status":"publish","type":"post","link":"https:\/\/egoclinic.pt\/PT\/2024\/03\/8-dos-portugueses-sofrem-de-depressao\/","title":{"rendered":"8% dos Portugueses sofrem de Depress\u00e3o"},"content":{"rendered":"<p>[et_pb_section fb_built=&#8221;1&#8243; _builder_version=&#8221;4.16&#8243; global_colors_info=&#8221;{}&#8221; theme_builder_area=&#8221;post_content&#8221;][et_pb_row _builder_version=&#8221;4.16&#8243; background_size=&#8221;initial&#8221; background_position=&#8221;top_left&#8221; background_repeat=&#8221;repeat&#8221; global_colors_info=&#8221;{}&#8221; column_structure=&#8221;2_3,1_3&#8243; theme_builder_area=&#8221;post_content&#8221;][et_pb_column type=&#8221;2_3&#8243; _builder_version=&#8221;4.16&#8243; custom_padding=&#8221;|||&#8221; global_colors_info=&#8221;{}&#8221; custom_padding__hover=&#8221;|||&#8221; theme_builder_area=&#8221;post_content&#8221;][et_pb_text admin_label=&#8221;VIDEO&#8221; _builder_version=&#8221;4.24.2&#8243; hover_enabled=&#8221;0&#8243; global_colors_info=&#8221;{}&#8221; theme_builder_area=&#8221;post_content&#8221; sticky_enabled=&#8221;0&#8243;]<\/p>\n<p><iframe loading=\"lazy\" title=\"8% dos Portugueses sofrem de Depress\u00e3o\" width=\"1080\" height=\"608\" src=\"https:\/\/www.youtube.com\/embed\/O6ft-fMNWGU?feature=oembed\"  allow=\"accelerometer; autoplay; clipboard-write; encrypted-media; gyroscope; picture-in-picture; web-share\" allowfullscreen><\/iframe><\/p>\n<p>[\/et_pb_text][\/et_pb_column][et_pb_column type=&#8221;1_3&#8243; _builder_version=&#8221;4.16&#8243; custom_padding=&#8221;|||&#8221; global_colors_info=&#8221;{}&#8221; custom_padding__hover=&#8221;|||&#8221; theme_builder_area=&#8221;post_content&#8221;][et_pb_text _builder_version=&#8221;4.24.2&#8243; hover_enabled=&#8221;0&#8243; global_colors_info=&#8221;{}&#8221; theme_builder_area=&#8221;post_content&#8221; admin_label=&#8221;Text&#8221; sticky_enabled=&#8221;0&#8243;]<\/p>\n<p>Ant\u00f3nio Sampaio, psiquiatra, em entrevista \u00e0 RTP no programa Bom Dia Portugal, em 01 Mar\u00e7o 2024.<\/p>\n<p>[\/et_pb_text][\/et_pb_column][\/et_pb_row][\/et_pb_section]<\/p>\n","protected":false},"excerpt":{"rendered":"<p>Ant\u00f3nio Sampaio, psiquiatra, em entrevista \u00e0 RTP no programa Bom Dia Portugal, em 01 Mar\u00e7o 2024.<\/p>\n","protected":false},"author":1,"featured_media":30179,"comment_status":"closed","ping_status":"closed","sticky":false,"template":"","format":"standard","meta":{"_et_pb_use_builder":"on","_et_pb_old_content":"","_et_gb_content_width":"","footnotes":""},"categories":[12],"tags":[538,277,533,441,21,534,425,531,23,536,539,194,488,532,537,162,115,328,489,279,535,278,81,529,528,530,138],"class_list":["post-30178","post","type-post","status-publish","format-standard","has-post-thumbnail","hentry","category-video","tag-ambicao","tag-antonio","tag-causas-sociais","tag-coesao-social","tag-depressao","tag-desemprego","tag-desinteresse","tag-distimia","tag-egoclinic","tag-individualismo","tag-inferioridade","tag-isolamento","tag-jovens","tag-mais-casos-depressao","tag-minimos","tag-oms","tag-perturbacao","tag-portugal","tag-portugueses","tag-psiquiatra","tag-salarios","tag-sampaio","tag-sintomas","tag-tdp","tag-transtorno-associado","tag-transtrono-depressivo-persistente","tag-tristeza"],"_links":{"self":[{"href":"https:\/\/egoclinic.pt\/PT\/wp-json\/wp\/v2\/posts\/30178","targetHints":{"allow":["GET"]}}],"collection":[{"href":"https:\/\/egoclinic.pt\/PT\/wp-json\/wp\/v2\/posts"}],"about":[{"href":"https:\/\/egoclinic.pt\/PT\/wp-json\/wp\/v2\/types\/post"}],"author":[{"embeddable":true,"href":"https:\/\/egoclinic.pt\/PT\/wp-json\/wp\/v2\/users\/1"}],"replies":[{"embeddable":true,"href":"https:\/\/egoclinic.pt\/PT\/wp-json\/wp\/v2\/comments?post=30178"}],"version-history":[{"count":2,"href":"https:\/\/egoclinic.pt\/PT\/wp-json\/wp\/v2\/posts\/30178\/revisions"}],"predecessor-version":[{"id":30182,"href":"https:\/\/egoclinic.pt\/PT\/wp-json\/wp\/v2\/posts\/30178\/revisions\/30182"}],"wp:featuredmedia":[{"embeddable":true,"href":"https:\/\/egoclinic.pt\/PT\/wp-json\/wp\/v2\/media\/30179"}],"wp:attachment":[{"href":"https:\/\/egoclinic.pt\/PT\/wp-json\/wp\/v2\/media?parent=30178"}],"wp:term":[{"taxonomy":"category","embeddable":true,"href":"https:\/\/egoclinic.pt\/PT\/wp-json\/wp\/v2\/categories?post=30178"},{"taxonomy":"post_tag","embeddable":true,"href":"https:\/\/egoclinic.pt\/PT\/wp-json\/wp\/v2\/tags?post=30178"}],"curies":[{"name":"wp","href":"https:\/\/api.w.org\/{rel}","templated":true}]}}